{"id":916,"date":"2025-03-19T16:31:03","date_gmt":"2025-03-19T16:31:03","guid":{"rendered":"https:\/\/suetis.sdi.unam.mx\/?p=916"},"modified":"2025-06-30T23:34:19","modified_gmt":"2025-06-30T23:34:19","slug":"i-coloquio-internacional-de-estudios-sobre-el-tiempo-social-otros-tiempos-posibles-las-disputas-por-la-temporalidad-en-el-mundo-contemporaneo","status":"publish","type":"post","link":"https:\/\/suetis.sdi.unam.mx\/?p=916","title":{"rendered":"I Coloquio Internacional de Estudios sobre el Tiempo social: \u00bfOtros tiempos posibles? Las disputas por la temporalidad en el mundo contempor\u00e1neo"},"content":{"rendered":"\n<section class=\"wp-block-greenshift-blocks-row alignfull gspb_row gspb_row-id-gsbp-3bc7cf5\" id=\"gspb_row-id-gsbp-3bc7cf5\"><div class=\"gspb_backgroundOverlay\"><\/div>\n<div class=\"wp-block-greenshift-blocks-row-column gspb_row__col--12 gspb_col-id-gsbp-4d6b7e3\" id=\"gspb_col-id-gsbp-4d6b7e3\"><\/div>\n<\/section>\n\n\n\n<section class=\"wp-block-greenshift-blocks-row alignfull gspb_row gspb_row-id-gsbp-b464386\" id=\"gspb_row-id-gsbp-b464386\">\n<div class=\"wp-block-greenshift-blocks-row-column gspb_row__col--12 gspb_col-id-gsbp-5171175\" id=\"gspb_col-id-gsbp-5171175\"><figure class=\"wp-block-post-featured-image\"><img loading=\"lazy\" decoding=\"async\" width=\"1080\" height=\"1350\" src=\"https:\/\/suetis.sdi.unam.mx\/wp-content\/uploads\/2025\/03\/IG_Coloquio.jpg\" class=\"attachment-post-thumbnail size-post-thumbnail wp-post-image\" alt=\"\" style=\"object-fit:cover;\" srcset=\"https:\/\/suetis.sdi.unam.mx\/wp-content\/uploads\/2025\/03\/IG_Coloquio.jpg 1080w, https:\/\/suetis.sdi.unam.mx\/wp-content\/uploads\/2025\/03\/IG_Coloquio-240x300.jpg 240w, https:\/\/suetis.sdi.unam.mx\/wp-content\/uploads\/2025\/03\/IG_Coloquio-819x1024.jpg 819w\" sizes=\"auto, (max-width: 1080px) 100vw, 1080px\" \/><\/figure><\/div>\n\n\n\n<div class=\"wp-block-greenshift-blocks-row-column gspb_row__col--12 gspb_col-id-gsbp-320caf7\" id=\"gspb_col-id-gsbp-320caf7\">\n<h1 id=\"gspb_heading-id-gsbp-032941b\" class=\"gspb_heading gspb_heading-id-gsbp-032941b \">I Coloquio Internacional de Estudios sobre el Tiempo social: \u00bfOtros tiempos posibles? Las disputas por la temporalidad en el mundo contempor\u00e1neo.<\/h1>\n\n\n\n<p id=\"gspb_heading-id-gsbp-3dc7f4b\" class=\"gspb_heading gspb_heading-id-gsbp-3dc7f4b \">En un presente cruzado por nociones como crisis e incertidumbre, pensar colectivamente el tiempo es un imperativo. Por ello, el Seminario Universitario de Estudios sobre el Tiempo Social de la Universidad Nacional Aut\u00f3noma de M\u00e9xico, CONVOCA a acad\u00e9micxs, investigadorxs y estudiantes a participar del <em>I Coloquio Internacional de Estudios sobre el Tiempo social: \u00bfOtros tiempos posibles?<br>Las disputas por la temporalidad en el mundo contempor\u00e1neo<\/em>.<br><\/p>\n\n\n\n<div style=\"height:50px\" aria-hidden=\"true\" class=\"wp-block-spacer\"><\/div>\n<\/div>\n<\/section>\n\n\n\n<section class=\"wp-block-greenshift-blocks-row alignfull gspb_row gspb_row-id-gsbp-6b4970f\" id=\"gspb_row-id-gsbp-6b4970f\"><div class=\"gspb_row__content\"> \n<div class=\"wp-block-greenshift-blocks-row-column gspb_row__col--12 gspb_col-id-gsbp-4f56ad7\" id=\"gspb_col-id-gsbp-4f56ad7\">\n<p><strong>\u00bfCu\u00e1ndo?<\/strong> Del 7 al 10 de octubre de 2025<br>Presentaci\u00f3n de ponencias: hasta el 25 de abril<\/p>\n\n\n\n<div class=\"wp-block-greenshift-blocks-container gspb_container gspb_container-gsbp-b54c3ed\" id=\"gspb_container-id-gsbp-b54c3ed\">\n<p><strong>Organiza<\/strong><br>Seminario Universitario de Estudios sobre el Tiempo Social&nbsp; (SUETIS) de la Universidad Nacional Aut\u00f3noma de M\u00e9xico<\/p>\n\n\n\n<p><strong>Convocan<\/strong><br>SUETIS, CEIICH-UNAM, FCPyS-UNAM, GT CLACSO Estudios sobre el tiempo y las temporalidades<\/p>\n\n\n\n<p><strong>Ejes tem\u00e1ticos<\/strong><br>Los presentes del pasado<br>Otros tiempos y tiempos otros<br>Tiempo y crisis<br>Tiempos del trabajo<br>Epistemolog\u00edas feministas sobre el tiempo<br>Cronopol\u00edticas<br>Imaginaci\u00f3n y pr\u00e1cticas de futuros alternativos<br>Tiempo y digitalidad<br>Tiempo y migraci\u00f3n<br>Metodolog\u00edas en el estudio del tiempo social<br>Debates te\u00f3ricos sobre el tiempo social<\/p>\n\n\n\n<p><strong>Destinatarios<\/strong><br>Acad\u00e9micxs, Investigadorxs, Estudiantes<\/p>\n\n\n\n<p><strong>Contacto<\/strong><br>coloquiotiempo@gmail.com<strong><\/strong><\/p>\n<\/div>\n\n\n\n<div class=\"gspb_button_wrapper gspb_button-id-gsbp-5ef5bf5\" id=\"gspb_button-id-gsbp-5ef5bf5\"><a class=\"wp-block-greenshift-blocks-buttonbox gspb-buttonbox wp-element-button\" href=\"https:\/\/coloquio-tiempo.unam.mx\/coloquio-SUETIS\/\" rel=\"noopener\"><span class=\"gspb-buttonbox-textwrap\"><span class=\"gspb-buttonbox-text\"><span class=\"gspb-buttonbox-title\">CONSULTA AQU\u00cd TODA LA INFORMACI\u00d3N<\/span><\/span><\/span><\/a><\/div>\n<\/div>\n <\/div><\/section>\n\n\n\n<p><\/p>\n","protected":false},"excerpt":{"rendered":"<p>SUETIS, CEIICH-UNAM, FCPYS-UNAM Y CLACSO CONVOCAN:<br \/>\nEnv\u00edo de propuestas hasta el 25 de abril de 2025<\/p>\n","protected":false},"author":3,"featured_media":913,"comment_status":"open","ping_status":"open","sticky":false,"template":"","format":"standard","meta":{"_editorskit_title_hidden":false,"_editorskit_reading_time":0,"_editorskit_is_block_options_detached":false,"_editorskit_block_options_position":"{}","_gspb_post_css":"#gspb_row-id-gsbp-3bc7cf5,#gspb_row-id-gsbp-3bc7cf5>.gspb_row__content,#gspb_row-id-gsbp-b464386{justify-content:space-between;display:flex;flex-wrap:wrap}#gspb_row-id-gsbp-3bc7cf5{margin-top:0;margin-bottom:0;min-height:30vh;padding-left:5%;background-position:49% 50%;background-image:url(https:\/\/suetis.sdi.unam.mx\/wp-content\/uploads\/2024\/12\/road-middle-desert-with-magnificent-mountains-california-1.jpg);background-attachment:fixed;isolation:isolate}#gspb_row-id-gsbp-3bc7cf5>.gspb_row__content{margin:0 auto;width:100%}.gspb_row{position:relative}div[id^=gspb_col-id]{box-sizing:border-box;position:relative;padding:var(--gs-row-column-padding, 15px min(3vw, 20px))}#gspb_row-id-gsbp-3bc7cf5>.gspb_backgroundOverlay{position:absolute;top:0;left:0;width:100%;height:100%;z-index:-1;opacity:0;background-color:var(--wp--preset--color--vivid-purple, #9b51e0);mix-blend-mode:multiply}#gspb_col-id-gsbp-4d6b7e3.gspb_row__col--12{width:100%}@media (max-width:575.98px){#gspb_col-id-gsbp-4d6b7e3.gspb_row__col--12{width:100%}}@media (min-width:992px){body.gspb-bodyfront #gspb_col-id-gsbp-4d6b7e3.gspb_row__col--12{width:calc(50% - 0px - 0px)}}body #gspb_col-id-gsbp-4d6b7e3.gspb_row__col--12{display:flex}#gspb_row-id-gsbp-b464386{margin:0 auto;padding:5%}#gspb_row-id-gsbp-b464386>.gspb_row__content{display:flex;justify-content:space-between;margin:0 auto;width:100%;flex-wrap:wrap}#gspb_col-id-gsbp-5171175.gspb_row__col--12{width:100%}@media (max-width:575.98px){#gspb_col-id-gsbp-5171175.gspb_row__col--12{width:100%}}@media (min-width:992px){body.gspb-bodyfront #gspb_col-id-gsbp-5171175.gspb_row__col--12{width:calc(50% - 0px - 0px)}}#gspb_col-id-gsbp-320caf7.gspb_row__col--12{width:100%}@media (max-width:575.98px){#gspb_col-id-gsbp-320caf7.gspb_row__col--12{width:100%}}@media (min-width:992px){body.gspb-bodyfront #gspb_col-id-gsbp-320caf7.gspb_row__col--12{width:calc(50% - 0px - 0px)}}#gspb_heading-id-gsbp-032941b{margin-bottom:26px}#gspb_row-id-gsbp-6b4970f{justify-content:space-between;margin-top:0;margin-bottom:0;display:flex;flex-wrap:wrap}#gspb_row-id-gsbp-6b4970f>.gspb_row__content{display:flex;justify-content:space-between;margin:0 auto;width:100%;flex-wrap:wrap;max-width:1200px}#gspb_col-id-gsbp-4f56ad7.gspb_row__col--12{width:100%}@media (max-width:575.98px){#gspb_col-id-gsbp-4f56ad7.gspb_row__col--12{width:100%}}.gspb_container-id-gsbp-b54c3ed{flex-direction:column;box-sizing:border-box}#gspb_container-id-gsbp-b54c3ed.gspb_container>p:last-of-type{margin-bottom:0}#gspb_container-id-gsbp-b54c3ed.gspb_container{position:relative}#gspb_button-id-gsbp-5ef5bf5{display:flex;justify-content:center}#gspb_button-id-gsbp-5ef5bf5 .gspb-buttonbox-text{display:flex;flex-direction:column}#gspb_button-id-gsbp-5ef5bf5>.gspb-buttonbox{box-sizing:border-box;background-image:linear-gradient(144deg,#af40ff 4%,#5b42f3 52%,#00ddeb 99%);font-size:var(--wp--preset--font-size--medium)!important;text-align:center!important;text-decoration:none;color:#fff;box-shadow:0 15px 30px -5px #9741fc33}#gspb_button-id-gsbp-5ef5bf5>.gspb-buttonbox .gsap-g-line{text-align:center!important}#gspb_button-id-gsbp-5ef5bf5>.gspb-buttonbox a{text-decoration:none}#gspb_button-id-gsbp-5ef5bf5>.gspb-buttonbox,#gspb_button-id-gsbp-5ef5bf5>.gspb-buttonbox>.gspb_backgroundOverlay{border-top-left-radius:8px;border-top-right-radius:8px;border-bottom-right-radius:8px;border-bottom-left-radius:8px}","footnotes":""},"categories":[99,98],"tags":[103,104],"class_list":["post-916","post","type-post","status-publish","format-standard","has-post-thumbnail","hentry","category-eventos","category-noticias","tag-coloquio-tiempo","tag-tiempo-social"],"_links":{"self":[{"href":"https:\/\/suetis.sdi.unam.mx\/index.php?rest_route=\/wp\/v2\/posts\/916","targetHints":{"allow":["GET"]}}],"collection":[{"href":"https:\/\/suetis.sdi.unam.mx\/index.php?rest_route=\/wp\/v2\/posts"}],"about":[{"href":"https:\/\/suetis.sdi.unam.mx\/index.php?rest_route=\/wp\/v2\/types\/post"}],"author":[{"embeddable":true,"href":"https:\/\/suetis.sdi.unam.mx\/index.php?rest_route=\/wp\/v2\/users\/3"}],"replies":[{"embeddable":true,"href":"https:\/\/suetis.sdi.unam.mx\/index.php?rest_route=%2Fwp%2Fv2%2Fcomments&post=916"}],"version-history":[{"count":2,"href":"https:\/\/suetis.sdi.unam.mx\/index.php?rest_route=\/wp\/v2\/posts\/916\/revisions"}],"predecessor-version":[{"id":964,"href":"https:\/\/suetis.sdi.unam.mx\/index.php?rest_route=\/wp\/v2\/posts\/916\/revisions\/964"}],"wp:featuredmedia":[{"embeddable":true,"href":"https:\/\/suetis.sdi.unam.mx\/index.php?rest_route=\/wp\/v2\/media\/913"}],"wp:attachment":[{"href":"https:\/\/suetis.sdi.unam.mx\/index.php?rest_route=%2Fwp%2Fv2%2Fmedia&parent=916"}],"wp:term":[{"taxonomy":"category","embeddable":true,"href":"https:\/\/suetis.sdi.unam.mx\/index.php?rest_route=%2Fwp%2Fv2%2Fcategories&post=916"},{"taxonomy":"post_tag","embeddable":true,"href":"https:\/\/suetis.sdi.unam.mx\/index.php?rest_route=%2Fwp%2Fv2%2Ftags&post=916"}],"curies":[{"name":"wp","href":"https:\/\/api.w.org\/{rel}","templated":true}]}}