{"id":966,"date":"2025-07-01T01:22:09","date_gmt":"2025-07-01T01:22:09","guid":{"rendered":"https:\/\/suetis.sdi.unam.mx\/?p=966"},"modified":"2026-05-12T13:04:36","modified_gmt":"2026-05-12T19:04:36","slug":"diploma-superior-de-estudios-del-tiempo-y-la-vida-buena","status":"publish","type":"post","link":"https:\/\/suetis.sdi.unam.mx\/?p=966","title":{"rendered":"Diploma Superior de Estudios del Tiempo y la Vida (Buena) 2da cohorte"},"content":{"rendered":"\n<section class=\"wp-block-greenshift-blocks-row alignfull gspb_row gspb_row-id-gsbp-3bc7cf5\" id=\"gspb_row-id-gsbp-3bc7cf5\"><div class=\"gspb_backgroundOverlay\"><\/div>\n<div class=\"wp-block-greenshift-blocks-row-column gspb_row__col--12 gspb_col-id-gsbp-4d6b7e3\" id=\"gspb_col-id-gsbp-4d6b7e3\"><\/div>\n<\/section>\n\n\n\n<section class=\"wp-block-greenshift-blocks-row alignfull gspb_row gspb_row-id-gsbp-b464386\" id=\"gspb_row-id-gsbp-b464386\">\n<div class=\"wp-block-greenshift-blocks-row-column gspb_row__col--12 gspb_col-id-gsbp-5171175\" id=\"gspb_col-id-gsbp-5171175\"><figure class=\"wp-block-post-featured-image\"><img loading=\"lazy\" decoding=\"async\" width=\"700\" height=\"390\" src=\"https:\/\/suetis.sdi.unam.mx\/wp-content\/uploads\/2025\/07\/Estudioa-del-tiempo-y-la-vida-buena_WEB-2.png\" class=\"attachment-post-thumbnail size-post-thumbnail wp-post-image\" alt=\"\" style=\"object-fit:cover;\" srcset=\"https:\/\/suetis.sdi.unam.mx\/wp-content\/uploads\/2025\/07\/Estudioa-del-tiempo-y-la-vida-buena_WEB-2.png 700w, https:\/\/suetis.sdi.unam.mx\/wp-content\/uploads\/2025\/07\/Estudioa-del-tiempo-y-la-vida-buena_WEB-2-300x167.png 300w\" sizes=\"auto, (max-width: 700px) 100vw, 700px\" \/><\/figure><\/div>\n\n\n\n<div class=\"wp-block-greenshift-blocks-row-column gspb_row__col--12 gspb_col-id-gsbp-320caf7\" id=\"gspb_col-id-gsbp-320caf7\">\n<h1 id=\"gspb_heading-id-gsbp-032941b\" class=\"gspb_heading gspb_heading-id-gsbp-032941b \">Diploma Superior de Estudios del Tiempo y la Vida (Buena) 2da Cohorte<\/h1>\n\n\n\n<p id=\"gspb_heading-id-gsbp-3dc7f4b\" class=\"gspb_heading gspb_heading-id-gsbp-3dc7f4b \">Am\u00e9rica Latina y el Caribe han impulsado un cambio social para priorizar la &#8220;<em>vida buena<\/em>&#8221; (sumak kawsay, alli kawsay, vivir sabroso) sobre la l\u00f3gica capitalista de que &#8220;el tiempo es dinero&#8221;. Esta propuesta busca deconstruir el neoliberalismo y la democracia representativa, enfoc\u00e1ndose en el &#8220;valor-vida&#8221; (humana y no humana) en lugar del valor de cambio o trabajo. <br><br>Paralelamente, ha surgido una corriente de pensamiento en la regi\u00f3n que estudia el tiempo y las temporalidades sociales como clave para disputar el sentido de la historia y dise\u00f1ar futuros emancipadores ante la crisis civilizatoria actual.<br><br><strong>\u00a1Inscr\u00edbete a la 2da Cohorte del Diploma Superior en Estudios del Tiempo y la Vida (Buena)<\/strong><\/p>\n\n\n\n<div style=\"height:50px\" aria-hidden=\"true\" class=\"wp-block-spacer\"><\/div>\n<\/div>\n<\/section>\n\n\n\n<section class=\"wp-block-greenshift-blocks-row alignfull gspb_row gspb_row-id-gsbp-6b4970f\" id=\"gspb_row-id-gsbp-6b4970f\"><div class=\"gspb_row__content\"> \n<div class=\"wp-block-greenshift-blocks-row-column gspb_row__col--12 gspb_col-id-gsbp-4f56ad7\" id=\"gspb_col-id-gsbp-4f56ad7\">\n<div class=\"wp-block-greenshift-blocks-container gspb_container gspb_container-gsbp-a1e02a4\" id=\"gspb_container-id-gsbp-a1e02a4\">\n<p id=\"gspb_text-id-gsbp-29d8b3e\" class=\"gspb_text gspb_text-id-gsbp-29d8b3e \">Modalidad <strong>VIRTUAL <\/strong>|| Inicio: Agosto 2025<br><\/p>\n\n\n\n<div style=\"height:63px\" aria-hidden=\"true\" class=\"wp-block-spacer\"><\/div>\n\n\n\n<div class=\"wp-block-greenshift-blocks-image gspb_image gspb_image-id-gsbp-cc8b56e\" id=\"gspb_image-id-gsbp-cc8b56e\"><img decoding=\"async\" src=\"https:\/\/suetis.sdi.unam.mx\/wp-content\/uploads\/2025\/07\/Estudioa-del-tiempo-y-la-vida-buena_WEB-2.png\" data-src=\"\" alt=\"\" loading=\"lazy\" width=\"700\" height=\"390\"\/><\/div>\n<\/div>\n\n\n\n<div style=\"height:60px\" aria-hidden=\"true\" class=\"wp-block-spacer\"><\/div>\n\n\n\n<figure class=\"wp-block-embed is-type-video is-provider-youtube wp-block-embed-youtube wp-embed-aspect-16-9 wp-has-aspect-ratio\"><div class=\"wp-block-embed__wrapper\">\n<iframe loading=\"lazy\" title=\"Diploma Superior en Estudios del Tiempo y la Vida (Buena)\" width=\"1778\" height=\"1000\" src=\"https:\/\/www.youtube.com\/embed\/I81Hvo4_Cpg?feature=oembed\" frameborder=\"0\" allow=\"accelerometer; autoplay; clipboard-write; encrypted-media; gyroscope; picture-in-picture; web-share\" referrerpolicy=\"strict-origin-when-cross-origin\" allowfullscreen><\/iframe>\n<\/div><\/figure>\n\n\n\n<div class=\"wp-block-greenshift-blocks-container gspb_container gspb_container-gsbp-b54c3ed\" id=\"gspb_container-id-gsbp-b54c3ed\">\n<div style=\"height:62px\" aria-hidden=\"true\" class=\"wp-block-spacer\"><\/div>\n\n\n\n<li class=\"gsbp-9ddf4c5\"><strong>Objetivos<\/strong><\/li>\n\n\n<style>.wp-block-kadence-iconlist.kt-svg-icon-list-items966_e94359-46:not(.this-stops-third-party-issues){margin-top:0px;margin-bottom:0px;}.wp-block-kadence-iconlist.kt-svg-icon-list-items966_e94359-46 ul.kt-svg-icon-list:not(.this-prevents-issues):not(.this-stops-third-party-issues):not(.tijsloc){margin-top:0px;margin-right:0px;margin-bottom:var(--global-kb-spacing-sm, 1.5rem);margin-left:0px;}.wp-block-kadence-iconlist.kt-svg-icon-list-items966_e94359-46 ul.kt-svg-icon-list{grid-row-gap:5px;}.wp-block-kadence-iconlist.kt-svg-icon-list-items966_e94359-46 ul.kt-svg-icon-list .kt-svg-icon-list-item-wrap .kt-svg-icon-list-single{margin-right:10px;}.kt-svg-icon-list-items966_e94359-46 ul.kt-svg-icon-list .kt-svg-icon-list-level-0 .kt-svg-icon-list-single svg{font-size:20px;}<\/style>\n<div class=\"wp-block-kadence-iconlist kt-svg-icon-list-items kt-svg-icon-list-items966_e94359-46 kt-svg-icon-list-columns-1 alignnone\"><ul class=\"kt-svg-icon-list\"><style>.kt-svg-icon-list-item-966_3281e2-80 .kt-svg-icon-list-text mark.kt-highlight{background-color:unset;font-size:var(--global-kb-font-size-xxxl, 5rem);font-style:normal;color:#f76a0c;-webkit-box-decoration-break:clone;box-decoration-break:clone;padding-top:0px;padding-right:0px;padding-bottom:0px;padding-left:0px;}<\/style>\n<li class=\"wp-block-kadence-listitem kt-svg-icon-list-item-wrap kt-svg-icon-list-item-966_3281e2-80\"><span class=\"kb-svg-icon-wrap kb-svg-icon-fe_checkCircle kt-svg-icon-list-single\"><svg viewBox=\"0 0 24 24\"  fill=\"none\" stroke=\"currentColor\" stroke-width=\"2\" stroke-linecap=\"round\" stroke-linejoin=\"round\" xmlns=\"http:\/\/www.w3.org\/2000\/svg\"  aria-hidden=\"true\"><path d=\"M22 11.08V12a10 10 0 1 1-5.93-9.14\"\/><polyline points=\"22 4 12 14.01 9 11.01\"\/><\/svg><\/span><span class=\"kt-svg-icon-list-text\"><strong>Objetivo General<\/strong><\/span><\/li>\n\n\n<style>.kt-svg-icon-list-item-966_431728-85 .kt-svg-icon-list-single{font-size:10px !important;}.kt-svg-icon-list-item-966_431728-85 .kt-svg-icon-list-text mark.kt-highlight{background-color:unset;font-style:normal;color:#f76a0c;-webkit-box-decoration-break:clone;box-decoration-break:clone;padding-top:0px;padding-right:0px;padding-bottom:0px;padding-left:0px;}<\/style>\n<li class=\"wp-block-kadence-listitem kt-svg-icon-list-item-wrap kt-svg-icon-list-item-966_431728-85 kt-svg-icon-list-level-1\"><span class=\"kb-svg-icon-wrap kb-svg-icon-fe_checkCircle kt-svg-icon-list-single\"><svg viewBox=\"0 0 24 24\"  fill=\"none\" stroke=\"currentColor\" stroke-width=\"2\" stroke-linecap=\"round\" stroke-linejoin=\"round\" xmlns=\"http:\/\/www.w3.org\/2000\/svg\"  aria-hidden=\"true\"><path d=\"M22 11.08V12a10 10 0 1 1-5.93-9.14\"\/><polyline points=\"22 4 12 14.01 9 11.01\"\/><\/svg><\/span><span class=\"kt-svg-icon-list-text\">Desarrollar en los alumnos\/as, en el marco de reflexionar la crisis del capitalismo, de la democracia y de la sostenibilidad ambiental que vive el mundo, la capacidad de comprender el cambio de paradigma social\/epist\u00e9mico propuesto en Latinoam\u00e9rica que constituye la construcci\u00f3n de la sociedad del buen vivir a partir del an\u00e1lisis asociado a los estudios del tiempo y las temporalidades sociales y sentar las bases para pensar -desde las resistencias creativas- una&nbsp;<em>teor\u00eda ucr\u00f3nica<\/em>&nbsp;que no solo sea cr\u00edtica sino \u2013sobre todo- que permita idear futuros temporales emancipadores para disputar la transformaci\u00f3n social en Nuestram\u00e9rica.&nbsp;<br><\/span><\/li>\n\n\n<style>.kt-svg-icon-list-item-966_95743d-34 .kt-svg-icon-list-single{font-size:19px !important;}.kt-svg-icon-list-item-966_95743d-34 .kt-svg-icon-list-text mark.kt-highlight{background-color:unset;font-style:normal;color:#f76a0c;-webkit-box-decoration-break:clone;box-decoration-break:clone;padding-top:0px;padding-right:0px;padding-bottom:0px;padding-left:0px;}<\/style>\n<li class=\"wp-block-kadence-listitem kt-svg-icon-list-item-wrap kt-svg-icon-list-item-966_95743d-34 kt-svg-icon-list-level-1\"><span class=\"kb-svg-icon-wrap kb-svg-icon-fe_checkCircle kt-svg-icon-list-single\"><svg viewBox=\"0 0 24 24\"  fill=\"none\" stroke=\"currentColor\" stroke-width=\"2\" stroke-linecap=\"round\" stroke-linejoin=\"round\" xmlns=\"http:\/\/www.w3.org\/2000\/svg\"  aria-hidden=\"true\"><path d=\"M22 11.08V12a10 10 0 1 1-5.93-9.14\"\/><polyline points=\"22 4 12 14.01 9 11.01\"\/><\/svg><\/span><span class=\"kt-svg-icon-list-text\"><strong>Objetivos Espec\u00edficos<\/strong><\/span><\/li>\n\n\n<style>.kt-svg-icon-list-item-966_909e9b-bd .kt-svg-icon-list-single{font-size:11px !important;}.kt-svg-icon-list-item-966_909e9b-bd .kt-svg-icon-list-text mark.kt-highlight{background-color:unset;font-style:normal;color:#f76a0c;-webkit-box-decoration-break:clone;box-decoration-break:clone;padding-top:0px;padding-right:0px;padding-bottom:0px;padding-left:0px;}<\/style>\n<li class=\"wp-block-kadence-listitem kt-svg-icon-list-item-wrap kt-svg-icon-list-item-966_909e9b-bd kt-svg-icon-list-level-1\"><span class=\"kb-svg-icon-wrap kb-svg-icon-fe_checkCircle kt-svg-icon-list-single\"><svg viewBox=\"0 0 24 24\"  fill=\"none\" stroke=\"currentColor\" stroke-width=\"2\" stroke-linecap=\"round\" stroke-linejoin=\"round\" xmlns=\"http:\/\/www.w3.org\/2000\/svg\"  aria-hidden=\"true\"><path d=\"M22 11.08V12a10 10 0 1 1-5.93-9.14\"\/><polyline points=\"22 4 12 14.01 9 11.01\"\/><\/svg><\/span><span class=\"kt-svg-icon-list-text\">Evidenciar el cambio social epist\u00e9mico que implica el paradigma de la vida buena o&nbsp;<em>sumak kawsay<\/em>.<\/span><\/li>\n\n\n<style>.kt-svg-icon-list-item-966_2f8d0c-4f .kt-svg-icon-list-single{font-size:11px !important;}.kt-svg-icon-list-item-966_2f8d0c-4f .kt-svg-icon-list-text mark.kt-highlight{background-color:unset;font-style:normal;color:#f76a0c;-webkit-box-decoration-break:clone;box-decoration-break:clone;padding-top:0px;padding-right:0px;padding-bottom:0px;padding-left:0px;}<\/style>\n<li class=\"wp-block-kadence-listitem kt-svg-icon-list-item-wrap kt-svg-icon-list-item-966_2f8d0c-4f kt-svg-icon-list-level-1\"><span class=\"kb-svg-icon-wrap kb-svg-icon-fe_checkCircle kt-svg-icon-list-single\"><svg viewBox=\"0 0 24 24\"  fill=\"none\" stroke=\"currentColor\" stroke-width=\"2\" stroke-linecap=\"round\" stroke-linejoin=\"round\" xmlns=\"http:\/\/www.w3.org\/2000\/svg\"  aria-hidden=\"true\"><path d=\"M22 11.08V12a10 10 0 1 1-5.93-9.14\"\/><polyline points=\"22 4 12 14.01 9 11.01\"\/><\/svg><\/span><span class=\"kt-svg-icon-list-text\">Discutir epistemol\u00f3gicamente lo que conlleva los debates te\u00f3ricos y metodol\u00f3gicos que encierran los estudios del tiempo social desde el pensamiento de Nuestram\u00e9rica.&nbsp;<\/span><\/li>\n\n\n<style>.kt-svg-icon-list-item-966_ca9bf1-84 .kt-svg-icon-list-single{font-size:11px !important;}.kt-svg-icon-list-item-966_ca9bf1-84 .kt-svg-icon-list-text mark.kt-highlight{background-color:unset;font-style:normal;color:#f76a0c;-webkit-box-decoration-break:clone;box-decoration-break:clone;padding-top:0px;padding-right:0px;padding-bottom:0px;padding-left:0px;}<\/style>\n<li class=\"wp-block-kadence-listitem kt-svg-icon-list-item-wrap kt-svg-icon-list-item-966_ca9bf1-84 kt-svg-icon-list-level-1\"><span class=\"kb-svg-icon-wrap kb-svg-icon-fe_checkCircle kt-svg-icon-list-single\"><svg viewBox=\"0 0 24 24\"  fill=\"none\" stroke=\"currentColor\" stroke-width=\"2\" stroke-linecap=\"round\" stroke-linejoin=\"round\" xmlns=\"http:\/\/www.w3.org\/2000\/svg\"  aria-hidden=\"true\"><path d=\"M22 11.08V12a10 10 0 1 1-5.93-9.14\"\/><polyline points=\"22 4 12 14.01 9 11.01\"\/><\/svg><\/span><span class=\"kt-svg-icon-list-text\">Rearticular el sentido de la diada tiempo-vida en el marco de las luchas subalternas por el tiempo y las temporalidades diversas disputadas en las democracias de nuestra regi\u00f3n.<\/span><\/li>\n\n\n<style>.kt-svg-icon-list-item-966_f39d20-bc .kt-svg-icon-list-single{font-size:11px !important;}.kt-svg-icon-list-item-966_f39d20-bc .kt-svg-icon-list-text mark.kt-highlight{background-color:unset;font-style:normal;color:#f76a0c;-webkit-box-decoration-break:clone;box-decoration-break:clone;padding-top:0px;padding-right:0px;padding-bottom:0px;padding-left:0px;}<\/style>\n<li class=\"wp-block-kadence-listitem kt-svg-icon-list-item-wrap kt-svg-icon-list-item-966_f39d20-bc kt-svg-icon-list-level-1\"><span class=\"kb-svg-icon-wrap kb-svg-icon-fe_checkCircle kt-svg-icon-list-single\"><svg viewBox=\"0 0 24 24\"  fill=\"none\" stroke=\"currentColor\" stroke-width=\"2\" stroke-linecap=\"round\" stroke-linejoin=\"round\" xmlns=\"http:\/\/www.w3.org\/2000\/svg\"  aria-hidden=\"true\"><path d=\"M22 11.08V12a10 10 0 1 1-5.93-9.14\"\/><polyline points=\"22 4 12 14.01 9 11.01\"\/><\/svg><\/span><span class=\"kt-svg-icon-list-text\">Repensar la diada tiempo-espacio a partir de la defensa de una teor\u00eda bioc\u00e9ntrica que coloca a la naturaleza\/pachamama como sujeta de derechos.<\/span><\/li>\n\n\n<style>.kt-svg-icon-list-item-966_abe9ca-72 .kt-svg-icon-list-single{font-size:11px !important;}.kt-svg-icon-list-item-966_abe9ca-72 .kt-svg-icon-list-text mark.kt-highlight{background-color:unset;font-style:normal;color:#f76a0c;-webkit-box-decoration-break:clone;box-decoration-break:clone;padding-top:0px;padding-right:0px;padding-bottom:0px;padding-left:0px;}<\/style>\n<li class=\"wp-block-kadence-listitem kt-svg-icon-list-item-wrap kt-svg-icon-list-item-966_abe9ca-72 kt-svg-icon-list-level-1\"><span class=\"kb-svg-icon-wrap kb-svg-icon-fe_checkCircle kt-svg-icon-list-single\"><svg viewBox=\"0 0 24 24\"  fill=\"none\" stroke=\"currentColor\" stroke-width=\"2\" stroke-linecap=\"round\" stroke-linejoin=\"round\" xmlns=\"http:\/\/www.w3.org\/2000\/svg\"  aria-hidden=\"true\"><path d=\"M22 11.08V12a10 10 0 1 1-5.93-9.14\"\/><polyline points=\"22 4 12 14.01 9 11.01\"\/><\/svg><\/span><span class=\"kt-svg-icon-list-text\">Estudiar la sem\u00e1ntica hist\u00f3rica del tiempo por-venir a trav\u00e9s de momentos ejemplificadores espec\u00edficos vividos en la regi\u00f3n.<\/span><\/li>\n\n\n<style>.kt-svg-icon-list-item-966_468087-71 .kt-svg-icon-list-single{font-size:11px !important;}.kt-svg-icon-list-item-966_468087-71 .kt-svg-icon-list-text mark.kt-highlight{background-color:unset;font-style:normal;color:#f76a0c;-webkit-box-decoration-break:clone;box-decoration-break:clone;padding-top:0px;padding-right:0px;padding-bottom:0px;padding-left:0px;}<\/style>\n<li class=\"wp-block-kadence-listitem kt-svg-icon-list-item-wrap kt-svg-icon-list-item-966_468087-71 kt-svg-icon-list-level-1\"><span class=\"kb-svg-icon-wrap kb-svg-icon-fe_checkCircle kt-svg-icon-list-single\"><svg viewBox=\"0 0 24 24\"  fill=\"none\" stroke=\"currentColor\" stroke-width=\"2\" stroke-linecap=\"round\" stroke-linejoin=\"round\" xmlns=\"http:\/\/www.w3.org\/2000\/svg\"  aria-hidden=\"true\"><path d=\"M22 11.08V12a10 10 0 1 1-5.93-9.14\"\/><polyline points=\"22 4 12 14.01 9 11.01\"\/><\/svg><\/span><span class=\"kt-svg-icon-list-text\">Plantear lineamientos para construir una teor\u00eda ucr\u00f3nica (nuevos \u00f3rdenes temporales) que permita dise\u00f1ar futuros emancipadores.<\/span><\/li>\n<\/ul><\/div>\n\n\n\n<div style=\"height:52px\" aria-hidden=\"true\" class=\"wp-block-spacer\"><\/div>\n\n\n\n<p><strong>Organiza<\/strong><br>Consejo Latinoamericano de Ciencias Sociales (CLACSO) y el Seminario Universitario de Estudios sobre el Tiempo Social&nbsp; (SUETIS) de la Universidad Nacional Aut\u00f3noma de M\u00e9xico<\/p>\n\n\n\n<div style=\"height:38px\" aria-hidden=\"true\" class=\"wp-block-spacer\"><\/div>\n\n\n\n<figure class=\"wp-block-pullquote\"><blockquote><p><strong>Fechas importantes<\/strong>:<\/p><cite><strong>Inicio:<\/strong>&nbsp;20\/08\/2025 |&nbsp;<strong>Inscripci\u00f3n:<\/strong>&nbsp;09\/05\/2025 al 19\/08\/2025<\/cite><\/blockquote><\/figure>\n\n\n\n<p><\/p>\n\n\n\n<p class=\"has-text-align-center\">Sigue nuestras redes para m\u00e1s informaci\u00f3n.<\/p>\n\n\n\n<p><\/p>\n<\/div>\n\n\n\n<div class=\"gspb_button_wrapper gspb_button-id-gsbp-5ef5bf5\" id=\"gspb_button-id-gsbp-5ef5bf5\"><a class=\"wp-block-greenshift-blocks-buttonbox gspb-buttonbox wp-element-button\" href=\"https:\/\/www.clacso.org\/diploma-superior-en-estudios-del-tiempo-y-la-vida-buena-2\/\" rel=\"noopener\"><span class=\"gspb-buttonbox-textwrap\"><span class=\"gspb-buttonbox-text\"><span class=\"gspb-buttonbox-title\"><strong>CONSULTA AQU\u00cd TODA LA INFORMACI\u00d3N<\/strong><\/span><\/span><\/span><\/a><\/div>\n<\/div>\n <\/div><\/section>\n\n\n\n<p><\/p>\n","protected":false},"excerpt":{"rendered":"<p>COORDINACI\u00d3N ACAD\u00c9MICA<\/p>\n<p>Ren\u00e9 Ram\u00edrez Gallegos (UNA\/UNEMI, Argentina-Ecuador) y Guadalupe Valencia (UNAM, M\u00e9xico)<\/p>\n","protected":false},"author":3,"featured_media":967,"comment_status":"open","ping_status":"open","sticky":false,"template":"","format":"standard","meta":{"_editorskit_title_hidden":false,"_editorskit_reading_time":0,"_editorskit_is_block_options_detached":false,"_editorskit_block_options_position":"{}","_gspb_post_css":"#gspb_row-id-gsbp-3bc7cf5,#gspb_row-id-gsbp-3bc7cf5>.gspb_row__content,#gspb_row-id-gsbp-b464386{justify-content:space-between;display:flex;flex-wrap:wrap}#gspb_row-id-gsbp-3bc7cf5{margin-top:0;margin-bottom:0;min-height:30vh;padding-left:5%;background-position:49% 50%;background-image:url(https:\/\/suetis.sdi.unam.mx\/wp-content\/uploads\/2024\/12\/road-middle-desert-with-magnificent-mountains-california-1.jpg);background-attachment:fixed;isolation:isolate}#gspb_row-id-gsbp-3bc7cf5>.gspb_row__content{margin:0 auto;width:100%}.gspb_row{position:relative}div[id^=gspb_col-id]{box-sizing:border-box;position:relative;padding:var(--gs-row-column-padding, 15px min(3vw, 20px))}#gspb_row-id-gsbp-3bc7cf5>.gspb_backgroundOverlay{position:absolute;top:0;left:0;width:100%;height:100%;z-index:-1;opacity:0;background-color:var(--wp--preset--color--vivid-purple, #9b51e0);mix-blend-mode:multiply}#gspb_col-id-gsbp-4d6b7e3.gspb_row__col--12{width:100%}@media (max-width:575.98px){#gspb_col-id-gsbp-4d6b7e3.gspb_row__col--12{width:100%}}@media (min-width:992px){body.gspb-bodyfront #gspb_col-id-gsbp-4d6b7e3.gspb_row__col--12{width:calc(50% - 0px - 0px)}}body #gspb_col-id-gsbp-4d6b7e3.gspb_row__col--12{display:flex}#gspb_row-id-gsbp-b464386{margin:0 auto;padding:5%}#gspb_row-id-gsbp-b464386>.gspb_row__content{display:flex;justify-content:space-between;margin:0 auto;width:100%;flex-wrap:wrap}#gspb_col-id-gsbp-5171175.gspb_row__col--12{width:100%}@media (max-width:575.98px){#gspb_col-id-gsbp-5171175.gspb_row__col--12{width:100%}}@media (min-width:992px){body.gspb-bodyfront #gspb_col-id-gsbp-5171175.gspb_row__col--12{width:calc(50% - 0px - 0px)}}#gspb_col-id-gsbp-320caf7.gspb_row__col--12{width:100%}@media (max-width:575.98px){#gspb_col-id-gsbp-320caf7.gspb_row__col--12{width:100%}}@media (min-width:992px){body.gspb-bodyfront #gspb_col-id-gsbp-320caf7.gspb_row__col--12{width:calc(50% - 0px - 0px)}}#gspb_heading-id-gsbp-032941b{margin-bottom:26px}#gspb_row-id-gsbp-6b4970f{justify-content:space-between;margin-top:0;margin-bottom:0;display:flex;flex-wrap:wrap}#gspb_row-id-gsbp-6b4970f>.gspb_row__content{display:flex;justify-content:space-between;margin:0 auto;width:100%;flex-wrap:wrap;max-width:1200px}#gspb_col-id-gsbp-4f56ad7.gspb_row__col--12{width:100%}@media (max-width:575.98px){#gspb_col-id-gsbp-4f56ad7.gspb_row__col--12{width:100%}}.gspb_container-id-gsbp-a1e02a4{flex-direction:column;box-sizing:border-box}#gspb_container-id-gsbp-a1e02a4.gspb_container>p:last-of-type,#gspb_container-id-gsbp-b54c3ed.gspb_container>p:last-of-type{margin-bottom:0}#gspb_container-id-gsbp-a1e02a4.gspb_container,#gspb_container-id-gsbp-b54c3ed.gspb_container{position:relative}.gspb_text-id-gsbp-29d8b3e{font-size:41px;margin-right:44px!important;margin-bottom:0!important}.gspb_text-id-gsbp-29d8b3e,.gspb_text-id-gsbp-29d8b3e .gsap-g-line{text-align:center!important}#gspb_image-id-gsbp-cc8b56e{text-align:center;margin-top:0}#gspb_image-id-gsbp-cc8b56e img{vertical-align:top;display:inline-block;box-sizing:border-box;max-width:100%;height:auto}.gspb_container-id-gsbp-b54c3ed{flex-direction:column;box-sizing:border-box}.gsbp-9ddf4c5{font-size:40px}#gspb_button-id-gsbp-5ef5bf5{display:flex;justify-content:center}#gspb_button-id-gsbp-5ef5bf5 .gspb-buttonbox-text{display:flex;flex-direction:column}#gspb_button-id-gsbp-5ef5bf5>.gspb-buttonbox{box-sizing:border-box;margin:30px 40px;padding:10px 20px;background-color:#1cb0f6}#gspb_button-id-gsbp-5ef5bf5>.gspb-buttonbox:hover{filter:brightness(1.1)}:root[data-color-mode*=dark] #gspb_button-id-gsbp-5ef5bf5>.gspb-buttonbox:hover,body.darkmode #gspb_button-id-gsbp-5ef5bf5>.gspb-buttonbox:hover{filter:brightness(1.1)}#gspb_button-id-gsbp-5ef5bf5>.gspb-buttonbox,#gspb_button-id-gsbp-5ef5bf5>.gspb-buttonbox a{text-decoration:none}#gspb_button-id-gsbp-5ef5bf5>.gspb-buttonbox{border-style:solid;border-color:#00000000;box-shadow:0 4px 0 0 #1899d6;transition:all .2s linear}#gspb_button-id-gsbp-5ef5bf5>.gspb-buttonbox,#gspb_button-id-gsbp-5ef5bf5>.gspb-buttonbox>.gspb_backgroundOverlay{border-top-left-radius:16px;border-top-right-radius:16px;border-bottom-right-radius:16px;border-bottom-left-radius:16px}#gspb_button-id-gsbp-5ef5bf5>.gspb-buttonbox:active{box-shadow:0 1px 0 0 #1899d6}#gspb_button-id-gsbp-5ef5bf5>.gspb-buttonbox .gspb-buttonbox-icon svg,#gspb_button-id-gsbp-5ef5bf5>.gspb-buttonbox .gspb-buttonbox-icon svg path{transition:all .2s linear}#gspb_button-id-gsbp-5ef5bf5>.gspb-buttonbox:active,.active #gspb_button-id-gsbp-5ef5bf5>.gspb-buttonbox{transform:translateY(3px)}","footnotes":""},"categories":[99,98],"tags":[111,112,104],"class_list":["post-966","post","type-post","status-publish","format-standard","has-post-thumbnail","hentry","category-eventos","category-noticias","tag-diploma","tag-diplomado","tag-tiempo-social"],"_links":{"self":[{"href":"https:\/\/suetis.sdi.unam.mx\/index.php?rest_route=\/wp\/v2\/posts\/966","targetHints":{"allow":["GET"]}}],"collection":[{"href":"https:\/\/suetis.sdi.unam.mx\/index.php?rest_route=\/wp\/v2\/posts"}],"about":[{"href":"https:\/\/suetis.sdi.unam.mx\/index.php?rest_route=\/wp\/v2\/types\/post"}],"author":[{"embeddable":true,"href":"https:\/\/suetis.sdi.unam.mx\/index.php?rest_route=\/wp\/v2\/users\/3"}],"replies":[{"embeddable":true,"href":"https:\/\/suetis.sdi.unam.mx\/index.php?rest_route=%2Fwp%2Fv2%2Fcomments&post=966"}],"version-history":[{"count":3,"href":"https:\/\/suetis.sdi.unam.mx\/index.php?rest_route=\/wp\/v2\/posts\/966\/revisions"}],"predecessor-version":[{"id":972,"href":"https:\/\/suetis.sdi.unam.mx\/index.php?rest_route=\/wp\/v2\/posts\/966\/revisions\/972"}],"wp:featuredmedia":[{"embeddable":true,"href":"https:\/\/suetis.sdi.unam.mx\/index.php?rest_route=\/wp\/v2\/media\/967"}],"wp:attachment":[{"href":"https:\/\/suetis.sdi.unam.mx\/index.php?rest_route=%2Fwp%2Fv2%2Fmedia&parent=966"}],"wp:term":[{"taxonomy":"category","embeddable":true,"href":"https:\/\/suetis.sdi.unam.mx\/index.php?rest_route=%2Fwp%2Fv2%2Fcategories&post=966"},{"taxonomy":"post_tag","embeddable":true,"href":"https:\/\/suetis.sdi.unam.mx\/index.php?rest_route=%2Fwp%2Fv2%2Ftags&post=966"}],"curies":[{"name":"wp","href":"https:\/\/api.w.org\/{rel}","templated":true}]}}