{"id":980,"date":"2025-09-17T17:40:05","date_gmt":"2025-09-17T23:40:05","guid":{"rendered":"https:\/\/suetis.sdi.unam.mx\/?p=980"},"modified":"2025-09-17T17:41:04","modified_gmt":"2025-09-17T23:41:04","slug":"xvi-congreso-espanol-de-sociologia","status":"publish","type":"post","link":"https:\/\/suetis.sdi.unam.mx\/?p=980","title":{"rendered":"XVI Congreso Espa\u00f1ol de Sociolog\u00eda"},"content":{"rendered":"\n<section class=\"wp-block-greenshift-blocks-row alignfull gspb_row gspb_row-id-gsbp-3bc7cf5\" id=\"gspb_row-id-gsbp-3bc7cf5\"><div class=\"gspb_backgroundOverlay\"><\/div>\n<div class=\"wp-block-greenshift-blocks-row-column gspb_row__col--12 gspb_col-id-gsbp-4d6b7e3\" id=\"gspb_col-id-gsbp-4d6b7e3\"><\/div>\n<\/section>\n\n\n\n<section class=\"wp-block-greenshift-blocks-row alignfull gspb_row gspb_row-id-gsbp-b464386\" id=\"gspb_row-id-gsbp-b464386\">\n<div class=\"wp-block-greenshift-blocks-row-column gspb_row__col--12 gspb_col-id-gsbp-5171175\" id=\"gspb_col-id-gsbp-5171175\"><figure class=\"wp-block-post-featured-image\"><img loading=\"lazy\" decoding=\"async\" width=\"1280\" height=\"720\" src=\"https:\/\/suetis.sdi.unam.mx\/wp-content\/uploads\/2025\/09\/XVI_Congreso_Espanol_de_Sociologia.jpg\" class=\"attachment-post-thumbnail size-post-thumbnail wp-post-image\" alt=\"\" style=\"object-fit:cover;\" srcset=\"https:\/\/suetis.sdi.unam.mx\/wp-content\/uploads\/2025\/09\/XVI_Congreso_Espanol_de_Sociologia.jpg 1280w, https:\/\/suetis.sdi.unam.mx\/wp-content\/uploads\/2025\/09\/XVI_Congreso_Espanol_de_Sociologia-300x169.jpg 300w, https:\/\/suetis.sdi.unam.mx\/wp-content\/uploads\/2025\/09\/XVI_Congreso_Espanol_de_Sociologia-1024x576.jpg 1024w\" sizes=\"auto, (max-width: 1280px) 100vw, 1280px\" \/><\/figure><\/div>\n\n\n\n<div class=\"wp-block-greenshift-blocks-row-column gspb_row__col--12 gspb_col-id-gsbp-320caf7\" id=\"gspb_col-id-gsbp-320caf7\">\n<h1 id=\"gspb_heading-id-gsbp-032941b\" class=\"gspb_heading gspb_heading-id-gsbp-032941b \">\u00a1Bilbao ser\u00e1 la sede del XVI Congreso Espa\u00f1ol de Sociolog\u00eda despu\u00e9s de casi cuarenta a\u00f1os!<\/h1>\n\n\n\n<p id=\"gspb_heading-id-gsbp-3dc7f4b\" class=\"gspb_heading gspb_heading-id-gsbp-3dc7f4b \">Bajo el lema &#8220;<em><strong>RETOS, EVIDENCIAS, SOLUCIONES&#8221; \/ &#8220;ERRONKAK, EBIDENTZIAK, ERANTZUNAK<\/strong><\/em>&#8220;, del 15 al 17 de julio del 2026, tienes una cita en Ciudad de Bilbao para asistir al XVI Congreso Espa\u00f1ol de Sociolog\u00eda.<br><br>La \u00faltima edici\u00f3n del Congreso celebrada en el Pa\u00eds Vasco fue en 1989, por lo que esta edici\u00f3n promete un cita imprescindible en la Sociolog\u00eda de Espa\u00f1a y el mundo.<br><br><strong>\u00a1No te lo puedes perder!<\/strong><\/p>\n\n\n\n<div style=\"height:50px\" aria-hidden=\"true\" class=\"wp-block-spacer\"><\/div>\n<\/div>\n<\/section>\n\n\n\n<section class=\"wp-block-greenshift-blocks-row alignfull gspb_row gspb_row-id-gsbp-6b4970f\" id=\"gspb_row-id-gsbp-6b4970f\"><div class=\"gspb_row__content\"> \n<div class=\"wp-block-greenshift-blocks-row-column gspb_row__col--12 gspb_col-id-gsbp-4f56ad7\" id=\"gspb_col-id-gsbp-4f56ad7\">\n<div class=\"wp-block-greenshift-blocks-container gspb_container gspb_container-gsbp-a1e02a4\" id=\"gspb_container-id-gsbp-a1e02a4\">\n<div style=\"height:63px\" aria-hidden=\"true\" class=\"wp-block-spacer\"><\/div>\n\n\n\n<div class=\"wp-block-greenshift-blocks-image gspb_image gspb_image-id-gsbp-cc8b56e\" id=\"gspb_image-id-gsbp-cc8b56e\"><img decoding=\"async\" src=\"https:\/\/suetis.sdi.unam.mx\/wp-content\/uploads\/2025\/09\/XVI_Congreso_Espanol_de_Sociologia.jpg\" data-src=\"\" alt=\"\" loading=\"lazy\" width=\"1280\" height=\"720\"\/><\/div>\n<\/div>\n\n\n\n<div style=\"height:22px\" aria-hidden=\"true\" class=\"wp-block-spacer\"><\/div>\n\n\n\n<div class=\"wp-block-greenshift-blocks-container gspb_container gspb_container-gsbp-b54c3ed\" id=\"gspb_container-id-gsbp-b54c3ed\">\n<div style=\"height:25px\" aria-hidden=\"true\" class=\"wp-block-spacer\"><\/div>\n\n\n\n<div style=\"height:52px\" aria-hidden=\"true\" class=\"wp-block-spacer\"><\/div>\n\n\n\n<p><strong>Organizan<\/strong><br><strong>Federaci\u00f3n Espa\u00f1ola de Sociolog\u00eda (FES)<\/strong>, en colaboraci\u00f3n con la&nbsp;<strong>Asociaci\u00f3n Vasca de Sociolog\u00eda y Ciencia Pol\u00edtica (AVSP\/ESZPE)<\/strong>, la&nbsp;<strong>Universidad del Pa\u00eds Vasco &#8211; Euskal Herriko Unibertsitatea (UPV\/EHU)<\/strong>&nbsp;y la&nbsp;<strong>Universidad de Deusto (UD)<\/strong>.<\/p>\n\n\n\n<div style=\"height:38px\" aria-hidden=\"true\" class=\"wp-block-spacer\"><\/div>\n\n\n\n<figure class=\"wp-block-pullquote\"><blockquote><p><strong>Fechas importantes<\/strong>:<\/p><cite><em>15 al 17 de julio, 2026<\/em><\/cite><\/blockquote><\/figure>\n\n\n\n<p><\/p>\n\n\n\n<p class=\"has-text-align-center\">Sigue las redes de la FES para m\u00e1s informaci\u00f3n.<\/p>\n\n\n\n<p><\/p>\n<\/div>\n\n\n\n<div class=\"gspb_button_wrapper gspb_button-id-gsbp-5ef5bf5\" id=\"gspb_button-id-gsbp-5ef5bf5\"><a class=\"wp-block-greenshift-blocks-buttonbox gspb-buttonbox wp-element-button\" href=\"https:\/\/congreso.fes-sociologia.com\/\" rel=\"noopener\"><span class=\"gspb-buttonbox-textwrap\"><span class=\"gspb-buttonbox-text\"><span class=\"gspb-buttonbox-title\"><strong>CONSULTA AQU\u00cd TODA LA INFORMACI\u00d3N<\/strong><\/span><\/span><\/span><\/a><\/div>\n<\/div>\n <\/div><\/section>\n\n\n\n<p><\/p>\n","protected":false},"excerpt":{"rendered":"<p>\u00a1\u00danete al XVI Congreso Espa\u00f1ol de Sociolog\u00eda!<\/p>\n<p>Organizan: Federaci\u00f3n espa\u00f1ola de Sociolog\u00eda, Asociaci\u00f3n Vasca de Sociolog\u00eda y Ciencia Pol\u00edtica, Universidad de Pa\u00eds Vasco y la Universidad de Deusto.<\/p>\n","protected":false},"author":3,"featured_media":981,"comment_status":"open","ping_status":"open","sticky":false,"template":"","format":"standard","meta":{"_editorskit_title_hidden":false,"_editorskit_reading_time":0,"_editorskit_is_block_options_detached":false,"_editorskit_block_options_position":"{}","_gspb_post_css":"#gspb_row-id-gsbp-3bc7cf5,#gspb_row-id-gsbp-3bc7cf5>.gspb_row__content,#gspb_row-id-gsbp-b464386{justify-content:space-between;display:flex;flex-wrap:wrap}#gspb_row-id-gsbp-3bc7cf5{margin-top:0;margin-bottom:0;min-height:30vh;padding-left:5%;background-position:49% 50%;background-image:url(https:\/\/suetis.sdi.unam.mx\/wp-content\/uploads\/2024\/12\/road-middle-desert-with-magnificent-mountains-california-1.jpg);background-attachment:fixed;isolation:isolate}#gspb_row-id-gsbp-3bc7cf5>.gspb_row__content{margin:0 auto;width:100%}.gspb_row{position:relative}div[id^=gspb_col-id]{box-sizing:border-box;position:relative;padding:var(--gs-row-column-padding, 15px min(3vw, 20px))}#gspb_row-id-gsbp-3bc7cf5>.gspb_backgroundOverlay{position:absolute;top:0;left:0;width:100%;height:100%;z-index:-1;opacity:0;background-color:var(--wp--preset--color--vivid-purple, #9b51e0);mix-blend-mode:multiply}#gspb_col-id-gsbp-4d6b7e3.gspb_row__col--12{width:100%}@media (max-width:575.98px){#gspb_col-id-gsbp-4d6b7e3.gspb_row__col--12{width:100%}}@media (min-width:992px){body.gspb-bodyfront #gspb_col-id-gsbp-4d6b7e3.gspb_row__col--12{width:calc(50% - 0px - 0px)}}body #gspb_col-id-gsbp-4d6b7e3.gspb_row__col--12{display:flex}#gspb_row-id-gsbp-b464386{margin:0 auto;padding:5%}#gspb_row-id-gsbp-b464386>.gspb_row__content{display:flex;justify-content:space-between;margin:0 auto;width:100%;flex-wrap:wrap}#gspb_col-id-gsbp-5171175.gspb_row__col--12{width:100%}@media (max-width:575.98px){#gspb_col-id-gsbp-5171175.gspb_row__col--12{width:100%}}@media (min-width:992px){body.gspb-bodyfront #gspb_col-id-gsbp-5171175.gspb_row__col--12{width:calc(50% - 0px - 0px)}}#gspb_col-id-gsbp-320caf7.gspb_row__col--12{width:100%}@media (max-width:575.98px){#gspb_col-id-gsbp-320caf7.gspb_row__col--12{width:100%}}@media (min-width:992px){body.gspb-bodyfront #gspb_col-id-gsbp-320caf7.gspb_row__col--12{width:calc(50% - 0px - 0px)}}#gspb_heading-id-gsbp-032941b{margin-bottom:26px}#gspb_row-id-gsbp-6b4970f{justify-content:space-between;margin-top:0;margin-bottom:0;display:flex;flex-wrap:wrap}#gspb_row-id-gsbp-6b4970f>.gspb_row__content{display:flex;justify-content:space-between;margin:0 auto;width:100%;flex-wrap:wrap;max-width:1200px}#gspb_col-id-gsbp-4f56ad7.gspb_row__col--12{width:100%}@media (max-width:575.98px){#gspb_col-id-gsbp-4f56ad7.gspb_row__col--12{width:100%}}.gspb_container-id-gsbp-a1e02a4,.gspb_container-id-gsbp-b54c3ed{flex-direction:column;box-sizing:border-box}#gspb_container-id-gsbp-a1e02a4.gspb_container>p:last-of-type,#gspb_container-id-gsbp-b54c3ed.gspb_container>p:last-of-type{margin-bottom:0}#gspb_container-id-gsbp-a1e02a4.gspb_container,#gspb_container-id-gsbp-b54c3ed.gspb_container{position:relative}#gspb_image-id-gsbp-cc8b56e{text-align:center;margin-top:0}#gspb_image-id-gsbp-cc8b56e img{vertical-align:top;display:inline-block;box-sizing:border-box;max-width:100%;height:auto}#gspb_button-id-gsbp-5ef5bf5{display:flex;justify-content:center}#gspb_button-id-gsbp-5ef5bf5 .gspb-buttonbox-text{display:flex;flex-direction:column}#gspb_button-id-gsbp-5ef5bf5>.gspb-buttonbox{box-sizing:border-box;margin:30px 40px;padding:10px 20px;background-color:#1cb0f6}#gspb_button-id-gsbp-5ef5bf5>.gspb-buttonbox:hover{filter:brightness(1.1)}:root[data-color-mode*=dark] #gspb_button-id-gsbp-5ef5bf5>.gspb-buttonbox:hover,body.darkmode #gspb_button-id-gsbp-5ef5bf5>.gspb-buttonbox:hover{filter:brightness(1.1)}#gspb_button-id-gsbp-5ef5bf5>.gspb-buttonbox,#gspb_button-id-gsbp-5ef5bf5>.gspb-buttonbox a{text-decoration:none}#gspb_button-id-gsbp-5ef5bf5>.gspb-buttonbox{border-style:solid;border-color:#00000000;box-shadow:0 4px 0 0 #1899d6;transition:all .2s linear}#gspb_button-id-gsbp-5ef5bf5>.gspb-buttonbox,#gspb_button-id-gsbp-5ef5bf5>.gspb-buttonbox>.gspb_backgroundOverlay{border-top-left-radius:16px;border-top-right-radius:16px;border-bottom-right-radius:16px;border-bottom-left-radius:16px}#gspb_button-id-gsbp-5ef5bf5>.gspb-buttonbox:active{box-shadow:0 1px 0 0 #1899d6}#gspb_button-id-gsbp-5ef5bf5>.gspb-buttonbox .gspb-buttonbox-icon svg,#gspb_button-id-gsbp-5ef5bf5>.gspb-buttonbox .gspb-buttonbox-icon svg path{transition:all .2s linear}#gspb_button-id-gsbp-5ef5bf5>.gspb-buttonbox:active,.active #gspb_button-id-gsbp-5ef5bf5>.gspb-buttonbox{transform:translateY(3px)}","footnotes":""},"categories":[102,98],"tags":[116,115,104],"class_list":["post-980","post","type-post","status-publish","format-standard","has-post-thumbnail","hentry","category-destacado","category-noticias","tag-congreso-fes","tag-sociologia-2","tag-tiempo-social"],"_links":{"self":[{"href":"https:\/\/suetis.sdi.unam.mx\/index.php?rest_route=\/wp\/v2\/posts\/980","targetHints":{"allow":["GET"]}}],"collection":[{"href":"https:\/\/suetis.sdi.unam.mx\/index.php?rest_route=\/wp\/v2\/posts"}],"about":[{"href":"https:\/\/suetis.sdi.unam.mx\/index.php?rest_route=\/wp\/v2\/types\/post"}],"author":[{"embeddable":true,"href":"https:\/\/suetis.sdi.unam.mx\/index.php?rest_route=\/wp\/v2\/users\/3"}],"replies":[{"embeddable":true,"href":"https:\/\/suetis.sdi.unam.mx\/index.php?rest_route=%2Fwp%2Fv2%2Fcomments&post=980"}],"version-history":[{"count":1,"href":"https:\/\/suetis.sdi.unam.mx\/index.php?rest_route=\/wp\/v2\/posts\/980\/revisions"}],"predecessor-version":[{"id":986,"href":"https:\/\/suetis.sdi.unam.mx\/index.php?rest_route=\/wp\/v2\/posts\/980\/revisions\/986"}],"wp:featuredmedia":[{"embeddable":true,"href":"https:\/\/suetis.sdi.unam.mx\/index.php?rest_route=\/wp\/v2\/media\/981"}],"wp:attachment":[{"href":"https:\/\/suetis.sdi.unam.mx\/index.php?rest_route=%2Fwp%2Fv2%2Fmedia&parent=980"}],"wp:term":[{"taxonomy":"category","embeddable":true,"href":"https:\/\/suetis.sdi.unam.mx\/index.php?rest_route=%2Fwp%2Fv2%2Fcategories&post=980"},{"taxonomy":"post_tag","embeddable":true,"href":"https:\/\/suetis.sdi.unam.mx\/index.php?rest_route=%2Fwp%2Fv2%2Ftags&post=980"}],"curies":[{"name":"wp","href":"https:\/\/api.w.org\/{rel}","templated":true}]}}