[{"id":1016,"link":"https:\/\/suetis.sdi.unam.mx\/?p=1016","name":"la-llegada","thumbnail":{"url":"https:\/\/suetis.sdi.unam.mx\/wp-content\/uploads\/2026\/05\/LaLlegada.jpeg","alt":""},"title":"La llegada","author":{"name":"secretariatecnicasuetis","link":"https:\/\/suetis.sdi.unam.mx\/?author=3"},"date":"May 12, 2026","dateGMT":"2026-05-12 18:40:03","modifiedDate":"2026-05-12 12:44:29","modifiedDateGMT":"2026-05-12 18:44:29","commentCount":"0","commentStatus":"open","categories":{"coma":"<a href=\"https:\/\/suetis.sdi.unam.mx\/?cat=101\" rel=\"category\">Cineclub<\/a>, <a href=\"https:\/\/suetis.sdi.unam.mx\/?cat=102\" rel=\"category\">destacado<\/a>, <a href=\"https:\/\/suetis.sdi.unam.mx\/?cat=98\" rel=\"category\">Noticias<\/a>","space":"<a href=\"https:\/\/suetis.sdi.unam.mx\/?cat=101\" rel=\"category\">Cineclub<\/a> <a href=\"https:\/\/suetis.sdi.unam.mx\/?cat=102\" rel=\"category\">destacado<\/a> <a href=\"https:\/\/suetis.sdi.unam.mx\/?cat=98\" rel=\"category\">Noticias<\/a>"},"taxonomies":{"post_tag":"<a href='https:\/\/suetis.sdi.unam.mx\/?tag=enac' rel='post_tag'>ENAC<\/a><a href='https:\/\/suetis.sdi.unam.mx\/?tag=suetis' rel='post_tag'>SUETIS<\/a><a href='https:\/\/suetis.sdi.unam.mx\/?tag=tiempo-social' rel='post_tag'>TIEMPO SOCIAL<\/a>"},"readTime":{"min":0,"sec":14},"status":"publish","excerpt":"El lenguaje lo cambia todo, incluso la forma en que entendemos el tiempo..."},{"id":990,"link":"https:\/\/suetis.sdi.unam.mx\/?p=990","name":"curso-de-posgrado-universidad-nacional-de-cordoba","thumbnail":{"url":"https:\/\/suetis.sdi.unam.mx\/wp-content\/uploads\/2025\/09\/WhatsApp-Image-2025-09-16-at-7.20.14-PM.jpeg","alt":""},"title":"Curso de Posgrado- Universidad Nacional de C\u00f3rdoba","author":{"name":"secretariatecnicasuetis","link":"https:\/\/suetis.sdi.unam.mx\/?author=3"},"date":"Sep 19, 2025","dateGMT":"2025-09-19 15:35:27","modifiedDate":"2025-09-19 09:50:18","modifiedDateGMT":"2025-09-19 15:50:18","commentCount":"0","commentStatus":"open","categories":{"coma":"<a href=\"https:\/\/suetis.sdi.unam.mx\/?cat=102\" rel=\"category\">destacado<\/a>, <a href=\"https:\/\/suetis.sdi.unam.mx\/?cat=98\" rel=\"category\">Noticias<\/a>","space":"<a href=\"https:\/\/suetis.sdi.unam.mx\/?cat=102\" rel=\"category\">destacado<\/a> <a href=\"https:\/\/suetis.sdi.unam.mx\/?cat=98\" rel=\"category\">Noticias<\/a>"},"taxonomies":{"post_tag":"<a href='https:\/\/suetis.sdi.unam.mx\/?tag=curso' rel='post_tag'>CURSO<\/a><a href='https:\/\/suetis.sdi.unam.mx\/?tag=sociologia-2' rel='post_tag'>sociologia<\/a><a href='https:\/\/suetis.sdi.unam.mx\/?tag=tiempo-social' rel='post_tag'>TIEMPO SOCIAL<\/a>"},"readTime":{"min":0,"sec":47},"status":"publish","excerpt":"El futuro, la crisis y el capitalismo. Este curso ofrece una reflexi\u00f3n acerca del mundo contempor\u00e1neo."},{"id":987,"link":"https:\/\/suetis.sdi.unam.mx\/?p=987","name":"los-400-golpes","thumbnail":{"url":"https:\/\/suetis.sdi.unam.mx\/wp-content\/uploads\/2025\/09\/los-400-golpes.png","alt":""},"title":"Los 400 Golpes","author":{"name":"secretariatecnicasuetis","link":"https:\/\/suetis.sdi.unam.mx\/?author=3"},"date":"Sep 17, 2025","dateGMT":"2025-09-17 23:56:29","modifiedDate":"2025-09-17 17:56:29","modifiedDateGMT":"2025-09-17 23:56:29","commentCount":"0","commentStatus":"open","categories":{"coma":"<a href=\"https:\/\/suetis.sdi.unam.mx\/?cat=101\" rel=\"category\">Cineclub<\/a>, <a href=\"https:\/\/suetis.sdi.unam.mx\/?cat=102\" rel=\"category\">destacado<\/a>, <a href=\"https:\/\/suetis.sdi.unam.mx\/?cat=98\" rel=\"category\">Noticias<\/a>","space":"<a href=\"https:\/\/suetis.sdi.unam.mx\/?cat=101\" rel=\"category\">Cineclub<\/a> <a href=\"https:\/\/suetis.sdi.unam.mx\/?cat=102\" rel=\"category\">destacado<\/a> <a href=\"https:\/\/suetis.sdi.unam.mx\/?cat=98\" rel=\"category\">Noticias<\/a>"},"taxonomies":{"post_tag":""},"readTime":{"min":0,"sec":22},"status":"publish","excerpt":"Un ni\u00f1o escapa de su casa y se refugia en el mundo del crimen."},{"id":980,"link":"https:\/\/suetis.sdi.unam.mx\/?p=980","name":"xvi-congreso-espanol-de-sociologia","thumbnail":{"url":"https:\/\/suetis.sdi.unam.mx\/wp-content\/uploads\/2025\/09\/XVI_Congreso_Espanol_de_Sociologia.jpg","alt":""},"title":"XVI Congreso Espa\u00f1ol de Sociolog\u00eda","author":{"name":"secretariatecnicasuetis","link":"https:\/\/suetis.sdi.unam.mx\/?author=3"},"date":"Sep 17, 2025","dateGMT":"2025-09-17 23:40:05","modifiedDate":"2025-09-17 17:41:04","modifiedDateGMT":"2025-09-17 23:41:04","commentCount":"0","commentStatus":"open","categories":{"coma":"<a href=\"https:\/\/suetis.sdi.unam.mx\/?cat=102\" rel=\"category\">destacado<\/a>, <a href=\"https:\/\/suetis.sdi.unam.mx\/?cat=98\" rel=\"category\">Noticias<\/a>","space":"<a href=\"https:\/\/suetis.sdi.unam.mx\/?cat=102\" rel=\"category\">destacado<\/a> <a href=\"https:\/\/suetis.sdi.unam.mx\/?cat=98\" rel=\"category\">Noticias<\/a>"},"taxonomies":{"post_tag":"<a href='https:\/\/suetis.sdi.unam.mx\/?tag=congreso-fes' rel='post_tag'>CONGRESO FES<\/a><a href='https:\/\/suetis.sdi.unam.mx\/?tag=sociologia-2' rel='post_tag'>sociologia<\/a><a href='https:\/\/suetis.sdi.unam.mx\/?tag=tiempo-social' rel='post_tag'>TIEMPO SOCIAL<\/a>"},"readTime":{"min":0,"sec":39},"status":"publish","excerpt":"\u00a1\u00danete al XVI Congreso Espa\u00f1ol de Sociolog\u00eda!\n\nOrganizan: Federaci\u00f3n espa\u00f1ola de Sociolog\u00eda, Asociaci\u00f3n Vasca de Sociolog\u00eda y Ciencia Pol\u00edtica, Universidad de Pa\u00eds Vasco y la Universidad de Deusto."},{"id":966,"link":"https:\/\/suetis.sdi.unam.mx\/?p=966","name":"diploma-superior-de-estudios-del-tiempo-y-la-vida-buena","thumbnail":{"url":"https:\/\/suetis.sdi.unam.mx\/wp-content\/uploads\/2025\/07\/Estudioa-del-tiempo-y-la-vida-buena_WEB-2.png","alt":""},"title":"Diploma Superior de Estudios del Tiempo y la Vida (Buena) 2da cohorte","author":{"name":"secretariatecnicasuetis","link":"https:\/\/suetis.sdi.unam.mx\/?author=3"},"date":"Jul 1, 2025","dateGMT":"2025-07-01 01:22:09","modifiedDate":"2025-07-01 01:30:09","modifiedDateGMT":"2025-07-01 01:30:09","commentCount":"0","commentStatus":"open","categories":{"coma":"<a href=\"https:\/\/suetis.sdi.unam.mx\/?cat=102\" rel=\"category\">destacado<\/a>, <a href=\"https:\/\/suetis.sdi.unam.mx\/?cat=99\" rel=\"category\">Eventos<\/a>, <a href=\"https:\/\/suetis.sdi.unam.mx\/?cat=98\" rel=\"category\">Noticias<\/a>","space":"<a href=\"https:\/\/suetis.sdi.unam.mx\/?cat=102\" rel=\"category\">destacado<\/a> <a href=\"https:\/\/suetis.sdi.unam.mx\/?cat=99\" rel=\"category\">Eventos<\/a> <a href=\"https:\/\/suetis.sdi.unam.mx\/?cat=98\" rel=\"category\">Noticias<\/a>"},"taxonomies":{"post_tag":"<a href='https:\/\/suetis.sdi.unam.mx\/?tag=diploma' rel='post_tag'>DIPLOMA<\/a><a href='https:\/\/suetis.sdi.unam.mx\/?tag=diplomado' rel='post_tag'>DIPLOMADO<\/a><a href='https:\/\/suetis.sdi.unam.mx\/?tag=tiempo-social' rel='post_tag'>TIEMPO SOCIAL<\/a>"},"readTime":{"min":1,"sec":55},"status":"publish","excerpt":"COORDINACI\u00d3N ACAD\u00c9MICA\n\nRen\u00e9 Ram\u00edrez Gallegos (UNA\/UNEMI, Argentina-Ecuador) y Guadalupe Valencia (UNAM, M\u00e9xico)"}]